{"id":2983,"date":"2025-11-27T13:35:04","date_gmt":"2025-11-27T12:35:04","guid":{"rendered":"https:\/\/polygon-one.com\/?p=2983"},"modified":"2026-01-31T18:50:10","modified_gmt":"2026-01-31T17:50:10","slug":"eudr-europaisches-parlament-stimmt-fuer-verschiebung","status":"publish","type":"post","link":"https:\/\/polygon-one.com\/de\/eudr-europaisches-parlament-stimmt-fuer-verschiebung\/","title":{"rendered":"EUDR: Europ\u00e4isches Parlament stimmt f\u00fcr Verschiebung und Vereinfachungen"},"content":{"rendered":"\n<p>Am 26. November 2025 hat das Europ\u00e4ische Parlament \u00fcber den Anwendungsbeginn der Europ\u00e4ischen Entwaldungsverordnung (EUDR) abgestimmt. Mit einer Mehrheit stimmte die Europ\u00e4ischen Volkspartei (EPP) gemeinsam mit Stimmen aus dem rechten Lager f\u00fcr eine Verschiebung und \u00dcberarbeitung der Verordnung. Damit spiegelt das Ergebnis weitgehend die Position des Europ\u00e4ischen Rates wider, der bereits eine Woche zuvor f\u00fcr eine einj\u00e4hrige Verz\u00f6gerung votiert hatte.<\/p>\n\n\n\n<p>Konkret soll der Anwendungsbeginn der EUDR wie folgt verschoben werden:<\/p>\n\n\n\n<ul class=\"wp-block-list\">\n<li><strong>Mittelst\u00e4ndische und gro\u00dfe Unternehmen:<\/strong> 30. Dezember 2026<br><\/li>\n\n\n\n<li><strong>Kleine und Kleinstunternehmen:<\/strong> 30. Juni 2027<br><\/li>\n<\/ul>\n\n\n\n<p>Zudem wurde beschlossen, dass die Europ\u00e4ische Kommission bis sp\u00e4testens 30. April 2026 eine \u00dcberpr\u00fcfung der Verordnung vorlegen soll. Diese \u00dcberpr\u00fcfung dient der Bewertung der Auswirkungen auf Unternehmen und kann weitere Vereinfachungen oder Anpassungen umfassen, noch bevor die Verordnung in Kraft tritt.<\/p>\n\n\n\n<h3 class=\"wp-block-heading\">Wesentliche beschlossene \u00c4nderungen<\/h3>\n\n\n\n<h3 class=\"wp-block-heading\">1. Vereinfachte Erkl\u00e4rung f\u00fcr kleine und Kleinst-Erzeuger in Niedrigrisikol\u00e4ndern<\/h3>\n\n\n\n<p>Kleine und Kleinsterzeuger in niedrig Risiko-L\u00e4ndern sollen k\u00fcnftig eine vereinfachte, einmalige Erkl\u00e4rung abgeben k\u00f6nnen. Diese enth\u00e4lt lediglich gesch\u00e4tzte Mengenangaben und muss nur bei wesentlichen \u00c4nderungen aktualisiert werden. Als Alternative zur Geolokalisierung von Produktionsfl\u00e4chen kann die Postadresse des Betriebs genutzt werden.<\/p>\n\n\n\n<h3 class=\"wp-block-heading\">2. R\u00fcckverfolgbarkeit bis zum ersten nachgelagerten Marktteilnehmer<\/h3>\n\n\n\n<p>Der \u201cErstinverkehrbringer\u201d erstellt die DDS und \u00fcbermittelt dem ersten Abnehmer die Referenznummer. Danach entf\u00e4llt die Pflicht zur Sammlung der Referenznummern. Weiter nachgelagerte Marktteilnehmer \u2013 etwa H\u00e4ndler der zweiten oder dritten Stufe \u2013 m\u00fcssen keine eigenen Referenznummern mehr sammeln. Sie sind lediglich verpflichtet, Lieferanten- und Kundendaten f\u00fcnf Jahre lang aufzubewahren.<br>F\u00fcr Importe aus Nicht-EU-L\u00e4ndern bleibt alles unver\u00e4ndert.<\/p>\n\n\n\n<h3 class=\"wp-block-heading\">3. Gedruckte Produkte fallen m\u00f6glicherweise k\u00fcnftig nicht unter die EUDR<\/h3>\n\n\n\n<p>Das Parlament schl\u00e4gt vor, gedruckte Produkte aus dem Anwendungsbereich der Verordnung zu streichen. Diese \u00c4nderung bedarf jedoch noch der Zustimmung des Rates.<\/p>\n\n\n\n<h3 class=\"wp-block-heading\">4. Verschiebung der Anwendungstermine<\/h3>\n\n\n\n<p>Die neuen Starttermine lauten:<\/p>\n\n\n\n<ol start=\"30\" class=\"wp-block-list\">\n<li>Dezember 2026 f\u00fcr mittlere und gro\u00dfe Marktteilnehmer<br><\/li>\n\n\n\n<li>Juni 2027 f\u00fcr kleine und Kleinstunternehmen<br><\/li>\n<\/ol>\n\n\n\n<p>Unternehmen, die derzeit noch unter die EU-Holzverordnung (EUTR) fallen, sind hiervon ausgenommen. Die EUTR wird erst im Dezember 2026 aufgehoben.<\/p>\n\n\n\n<h3 class=\"wp-block-heading\">5. \u00dcberpr\u00fcfungsklausel bis April 2026<\/h3>\n\n\n\n<p>Die Europ\u00e4ische Kommission soll bis sp\u00e4testens 30. April 2026 eine Bewertung der Belastungen und Risiken vorlegen. Ziel ist es, m\u00f6gliche Vereinfachungen oder Nachjustierungen zu identifizieren, bevor die Verordnung in Kraft tritt.<\/p>\n\n\n\n<h3 class=\"wp-block-heading\">Ist die EUDR damit endg\u00fcltig verschoben?<\/h3>\n\n\n\n<p>Noch nicht. Die Abstimmung im Parlament ist ein wichtiger Zwischenschritt, aber rechtlich bindend ist die Verschiebung erst nach Abschluss des sogenannten Trilog-Verfahrens. In diesem Verfahren m\u00fcssen Europ\u00e4isches Parlament, Rat der Europ\u00e4ischen Union und Europ\u00e4ische Kommission eine gemeinsame Fassung des Gesetzestextes verhandeln.<\/p>\n\n\n\n<p>Da Parlament und Rat in diesem Fall jedoch nahezu identische Positionen vertreten, ist eine Einigung im Trilog sehr wahrscheinlich. Die abschlie\u00dfende Best\u00e4tigung beider Institutionen gilt als Formalit\u00e4t, ist jedoch zwingend erforderlich.<\/p>\n\n\n\n<p><\/p>\n","protected":false},"excerpt":{"rendered":"<p>Am 26. November 2025 hat das Europ\u00e4ische Parlament \u00fcber den Anwendungsbeginn der Europ\u00e4ischen Entwaldungsverordnung (EUDR) abgestimmt. Mit einer Mehrheit stimmte die Europ\u00e4ischen Volkspartei (EPP) gemeinsam mit Stimmen aus dem rechten Lager f\u00fcr eine Verschiebung und \u00dcberarbeitung der Verordnung. Damit spiegelt das Ergebnis weitgehend die Position des Europ\u00e4ischen Rates wider, der bereits eine Woche zuvor f\u00fcr [&hellip;]<\/p>\n","protected":false},"author":1,"featured_media":2984,"comment_status":"open","ping_status":"open","sticky":false,"template":"","format":"standard","meta":{"_monsterinsights_skip_tracking":false,"_monsterinsights_sitenote_active":false,"_monsterinsights_sitenote_note":"","_monsterinsights_sitenote_category":0,"footnotes":""},"categories":[1],"tags":[],"class_list":["post-2983","post","type-post","status-publish","format-standard","has-post-thumbnail","hentry","category-uncategorised"],"yoast_head":"<!-- This site is optimized with the Yoast SEO plugin v27.3 - https:\/\/yoast.com\/product\/yoast-seo-wordpress\/ -->\n<title>EUDR: Europ\u00e4isches Parlament stimmt f\u00fcr Verschiebung und Vereinfachungen - POLYGON ONE<\/title>\n<meta name=\"robots\" content=\"index, follow, max-snippet:-1, max-image-preview:large, max-video-preview:-1\" \/>\n<link rel=\"canonical\" href=\"https:\/\/polygon-one.com\/de\/eudr-europaisches-parlament-stimmt-fuer-verschiebung\/\" \/>\n<meta property=\"og:locale\" content=\"de_DE\" \/>\n<meta property=\"og:type\" content=\"article\" \/>\n<meta property=\"og:title\" content=\"EUDR: Europ\u00e4isches Parlament stimmt f\u00fcr Verschiebung und Vereinfachungen - POLYGON ONE\" \/>\n<meta property=\"og:description\" content=\"Am 26. November 2025 hat das Europ\u00e4ische Parlament \u00fcber den Anwendungsbeginn der Europ\u00e4ischen Entwaldungsverordnung (EUDR) abgestimmt. Mit einer Mehrheit stimmte die Europ\u00e4ischen Volkspartei (EPP) gemeinsam mit Stimmen aus dem rechten Lager f\u00fcr eine Verschiebung und \u00dcberarbeitung der Verordnung. Damit spiegelt das Ergebnis weitgehend die Position des Europ\u00e4ischen Rates wider, der bereits eine Woche zuvor f\u00fcr [&hellip;]\" \/>\n<meta property=\"og:url\" content=\"https:\/\/polygon-one.com\/de\/eudr-europaisches-parlament-stimmt-fuer-verschiebung\/\" \/>\n<meta property=\"og:site_name\" content=\"POLYGON ONE\" \/>\n<meta property=\"article:published_time\" content=\"2025-11-27T12:35:04+00:00\" \/>\n<meta property=\"article:modified_time\" content=\"2026-01-31T17:50:10+00:00\" \/>\n<meta property=\"og:image\" content=\"https:\/\/polygon-one.com\/wp-content\/uploads\/2025\/11\/frederic-koberl-x_0hW-KaCgI-unsplash-scaled.jpg\" \/>\n\t<meta property=\"og:image:width\" content=\"2560\" \/>\n\t<meta property=\"og:image:height\" content=\"1704\" \/>\n\t<meta property=\"og:image:type\" content=\"image\/jpeg\" \/>\n<meta name=\"author\" content=\"polygon_admin\" \/>\n<meta name=\"twitter:card\" content=\"summary_large_image\" \/>\n<meta name=\"twitter:label1\" content=\"Verfasst von\" \/>\n\t<meta name=\"twitter:data1\" content=\"polygon_admin\" \/>\n\t<meta name=\"twitter:label2\" content=\"Gesch\u00e4tzte Lesezeit\" \/>\n\t<meta name=\"twitter:data2\" content=\"3\u00a0Minuten\" \/>\n<script type=\"application\/ld+json\" class=\"yoast-schema-graph\">{\"@context\":\"https:\\\/\\\/schema.org\",\"@graph\":[{\"@type\":\"Article\",\"@id\":\"https:\\\/\\\/polygon-one.com\\\/de\\\/eudr-europaisches-parlament-stimmt-fuer-verschiebung\\\/#article\",\"isPartOf\":{\"@id\":\"https:\\\/\\\/polygon-one.com\\\/de\\\/eudr-europaisches-parlament-stimmt-fuer-verschiebung\\\/\"},\"author\":{\"name\":\"polygon_admin\",\"@id\":\"https:\\\/\\\/polygon-one.com\\\/de\\\/#\\\/schema\\\/person\\\/5ca00c7576c294f5abeb5345d1dcfccf\"},\"headline\":\"EUDR: Europ\u00e4isches Parlament stimmt f\u00fcr Verschiebung und Vereinfachungen\",\"datePublished\":\"2025-11-27T12:35:04+00:00\",\"dateModified\":\"2026-01-31T17:50:10+00:00\",\"mainEntityOfPage\":{\"@id\":\"https:\\\/\\\/polygon-one.com\\\/de\\\/eudr-europaisches-parlament-stimmt-fuer-verschiebung\\\/\"},\"wordCount\":465,\"commentCount\":0,\"publisher\":{\"@id\":\"https:\\\/\\\/polygon-one.com\\\/de\\\/#organization\"},\"image\":{\"@id\":\"https:\\\/\\\/polygon-one.com\\\/de\\\/eudr-europaisches-parlament-stimmt-fuer-verschiebung\\\/#primaryimage\"},\"thumbnailUrl\":\"https:\\\/\\\/polygon-one.com\\\/wp-content\\\/uploads\\\/2025\\\/11\\\/frederic-koberl-x_0hW-KaCgI-unsplash-scaled.jpg\",\"articleSection\":[\"Uncategorised\"],\"inLanguage\":\"de\",\"potentialAction\":[{\"@type\":\"CommentAction\",\"name\":\"Comment\",\"target\":[\"https:\\\/\\\/polygon-one.com\\\/de\\\/eudr-europaisches-parlament-stimmt-fuer-verschiebung\\\/#respond\"]}]},{\"@type\":\"WebPage\",\"@id\":\"https:\\\/\\\/polygon-one.com\\\/de\\\/eudr-europaisches-parlament-stimmt-fuer-verschiebung\\\/\",\"url\":\"https:\\\/\\\/polygon-one.com\\\/de\\\/eudr-europaisches-parlament-stimmt-fuer-verschiebung\\\/\",\"name\":\"EUDR: Europ\u00e4isches Parlament stimmt f\u00fcr Verschiebung und Vereinfachungen - POLYGON ONE\",\"isPartOf\":{\"@id\":\"https:\\\/\\\/polygon-one.com\\\/de\\\/#website\"},\"primaryImageOfPage\":{\"@id\":\"https:\\\/\\\/polygon-one.com\\\/de\\\/eudr-europaisches-parlament-stimmt-fuer-verschiebung\\\/#primaryimage\"},\"image\":{\"@id\":\"https:\\\/\\\/polygon-one.com\\\/de\\\/eudr-europaisches-parlament-stimmt-fuer-verschiebung\\\/#primaryimage\"},\"thumbnailUrl\":\"https:\\\/\\\/polygon-one.com\\\/wp-content\\\/uploads\\\/2025\\\/11\\\/frederic-koberl-x_0hW-KaCgI-unsplash-scaled.jpg\",\"datePublished\":\"2025-11-27T12:35:04+00:00\",\"dateModified\":\"2026-01-31T17:50:10+00:00\",\"breadcrumb\":{\"@id\":\"https:\\\/\\\/polygon-one.com\\\/de\\\/eudr-europaisches-parlament-stimmt-fuer-verschiebung\\\/#breadcrumb\"},\"inLanguage\":\"de\",\"potentialAction\":[{\"@type\":\"ReadAction\",\"target\":[\"https:\\\/\\\/polygon-one.com\\\/de\\\/eudr-europaisches-parlament-stimmt-fuer-verschiebung\\\/\"]}]},{\"@type\":\"ImageObject\",\"inLanguage\":\"de\",\"@id\":\"https:\\\/\\\/polygon-one.com\\\/de\\\/eudr-europaisches-parlament-stimmt-fuer-verschiebung\\\/#primaryimage\",\"url\":\"https:\\\/\\\/polygon-one.com\\\/wp-content\\\/uploads\\\/2025\\\/11\\\/frederic-koberl-x_0hW-KaCgI-unsplash-scaled.jpg\",\"contentUrl\":\"https:\\\/\\\/polygon-one.com\\\/wp-content\\\/uploads\\\/2025\\\/11\\\/frederic-koberl-x_0hW-KaCgI-unsplash-scaled.jpg\",\"width\":2560,\"height\":1704},{\"@type\":\"BreadcrumbList\",\"@id\":\"https:\\\/\\\/polygon-one.com\\\/de\\\/eudr-europaisches-parlament-stimmt-fuer-verschiebung\\\/#breadcrumb\",\"itemListElement\":[{\"@type\":\"ListItem\",\"position\":1,\"name\":\"Home\",\"item\":\"https:\\\/\\\/polygon-one.com\\\/de\\\/\"},{\"@type\":\"ListItem\",\"position\":2,\"name\":\"EUDR: Europ\u00e4isches Parlament stimmt f\u00fcr Verschiebung und Vereinfachungen\"}]},{\"@type\":\"WebSite\",\"@id\":\"https:\\\/\\\/polygon-one.com\\\/de\\\/#website\",\"url\":\"https:\\\/\\\/polygon-one.com\\\/de\\\/\",\"name\":\"POLYGON ONE\",\"description\":\"EU DR Compliance\",\"publisher\":{\"@id\":\"https:\\\/\\\/polygon-one.com\\\/de\\\/#organization\"},\"potentialAction\":[{\"@type\":\"SearchAction\",\"target\":{\"@type\":\"EntryPoint\",\"urlTemplate\":\"https:\\\/\\\/polygon-one.com\\\/de\\\/?s={search_term_string}\"},\"query-input\":{\"@type\":\"PropertyValueSpecification\",\"valueRequired\":true,\"valueName\":\"search_term_string\"}}],\"inLanguage\":\"de\"},{\"@type\":\"Organization\",\"@id\":\"https:\\\/\\\/polygon-one.com\\\/de\\\/#organization\",\"name\":\"POLYGON ONE\",\"url\":\"https:\\\/\\\/polygon-one.com\\\/de\\\/\",\"logo\":{\"@type\":\"ImageObject\",\"inLanguage\":\"de\",\"@id\":\"https:\\\/\\\/polygon-one.com\\\/de\\\/#\\\/schema\\\/logo\\\/image\\\/\",\"url\":\"https:\\\/\\\/polygon-one.com\\\/wp-content\\\/uploads\\\/2025\\\/04\\\/POLYGON-CI-2-1.png\",\"contentUrl\":\"https:\\\/\\\/polygon-one.com\\\/wp-content\\\/uploads\\\/2025\\\/04\\\/POLYGON-CI-2-1.png\",\"width\":2160,\"height\":1215,\"caption\":\"POLYGON ONE\"},\"image\":{\"@id\":\"https:\\\/\\\/polygon-one.com\\\/de\\\/#\\\/schema\\\/logo\\\/image\\\/\"}},{\"@type\":\"Person\",\"@id\":\"https:\\\/\\\/polygon-one.com\\\/de\\\/#\\\/schema\\\/person\\\/5ca00c7576c294f5abeb5345d1dcfccf\",\"name\":\"polygon_admin\",\"image\":{\"@type\":\"ImageObject\",\"inLanguage\":\"de\",\"@id\":\"https:\\\/\\\/secure.gravatar.com\\\/avatar\\\/38271eef605b73f072846d95ebd5c1ba14ba8c02ae8ae0be62c5fd7b806fa67b?s=96&d=mm&r=g\",\"url\":\"https:\\\/\\\/secure.gravatar.com\\\/avatar\\\/38271eef605b73f072846d95ebd5c1ba14ba8c02ae8ae0be62c5fd7b806fa67b?s=96&d=mm&r=g\",\"contentUrl\":\"https:\\\/\\\/secure.gravatar.com\\\/avatar\\\/38271eef605b73f072846d95ebd5c1ba14ba8c02ae8ae0be62c5fd7b806fa67b?s=96&d=mm&r=g\",\"caption\":\"polygon_admin\"},\"sameAs\":[\"https:\\\/\\\/polygon-one.com\"],\"url\":\"https:\\\/\\\/polygon-one.com\\\/de\\\/author\\\/polygon_admin\\\/\"}]}<\/script>\n<!-- \/ Yoast SEO plugin. -->","yoast_head_json":{"title":"EUDR: Europ\u00e4isches Parlament stimmt f\u00fcr Verschiebung und Vereinfachungen - POLYGON ONE","robots":{"index":"index","follow":"follow","max-snippet":"max-snippet:-1","max-image-preview":"max-image-preview:large","max-video-preview":"max-video-preview:-1"},"canonical":"https:\/\/polygon-one.com\/de\/eudr-europaisches-parlament-stimmt-fuer-verschiebung\/","og_locale":"de_DE","og_type":"article","og_title":"EUDR: Europ\u00e4isches Parlament stimmt f\u00fcr Verschiebung und Vereinfachungen - POLYGON ONE","og_description":"Am 26. November 2025 hat das Europ\u00e4ische Parlament \u00fcber den Anwendungsbeginn der Europ\u00e4ischen Entwaldungsverordnung (EUDR) abgestimmt. Mit einer Mehrheit stimmte die Europ\u00e4ischen Volkspartei (EPP) gemeinsam mit Stimmen aus dem rechten Lager f\u00fcr eine Verschiebung und \u00dcberarbeitung der Verordnung. Damit spiegelt das Ergebnis weitgehend die Position des Europ\u00e4ischen Rates wider, der bereits eine Woche zuvor f\u00fcr [&hellip;]","og_url":"https:\/\/polygon-one.com\/de\/eudr-europaisches-parlament-stimmt-fuer-verschiebung\/","og_site_name":"POLYGON ONE","article_published_time":"2025-11-27T12:35:04+00:00","article_modified_time":"2026-01-31T17:50:10+00:00","og_image":[{"width":2560,"height":1704,"url":"https:\/\/polygon-one.com\/wp-content\/uploads\/2025\/11\/frederic-koberl-x_0hW-KaCgI-unsplash-scaled.jpg","type":"image\/jpeg"}],"author":"polygon_admin","twitter_card":"summary_large_image","twitter_misc":{"Verfasst von":"polygon_admin","Gesch\u00e4tzte Lesezeit":"3\u00a0Minuten"},"schema":{"@context":"https:\/\/schema.org","@graph":[{"@type":"Article","@id":"https:\/\/polygon-one.com\/de\/eudr-europaisches-parlament-stimmt-fuer-verschiebung\/#article","isPartOf":{"@id":"https:\/\/polygon-one.com\/de\/eudr-europaisches-parlament-stimmt-fuer-verschiebung\/"},"author":{"name":"polygon_admin","@id":"https:\/\/polygon-one.com\/de\/#\/schema\/person\/5ca00c7576c294f5abeb5345d1dcfccf"},"headline":"EUDR: Europ\u00e4isches Parlament stimmt f\u00fcr Verschiebung und Vereinfachungen","datePublished":"2025-11-27T12:35:04+00:00","dateModified":"2026-01-31T17:50:10+00:00","mainEntityOfPage":{"@id":"https:\/\/polygon-one.com\/de\/eudr-europaisches-parlament-stimmt-fuer-verschiebung\/"},"wordCount":465,"commentCount":0,"publisher":{"@id":"https:\/\/polygon-one.com\/de\/#organization"},"image":{"@id":"https:\/\/polygon-one.com\/de\/eudr-europaisches-parlament-stimmt-fuer-verschiebung\/#primaryimage"},"thumbnailUrl":"https:\/\/polygon-one.com\/wp-content\/uploads\/2025\/11\/frederic-koberl-x_0hW-KaCgI-unsplash-scaled.jpg","articleSection":["Uncategorised"],"inLanguage":"de","potentialAction":[{"@type":"CommentAction","name":"Comment","target":["https:\/\/polygon-one.com\/de\/eudr-europaisches-parlament-stimmt-fuer-verschiebung\/#respond"]}]},{"@type":"WebPage","@id":"https:\/\/polygon-one.com\/de\/eudr-europaisches-parlament-stimmt-fuer-verschiebung\/","url":"https:\/\/polygon-one.com\/de\/eudr-europaisches-parlament-stimmt-fuer-verschiebung\/","name":"EUDR: Europ\u00e4isches Parlament stimmt f\u00fcr Verschiebung und Vereinfachungen - POLYGON ONE","isPartOf":{"@id":"https:\/\/polygon-one.com\/de\/#website"},"primaryImageOfPage":{"@id":"https:\/\/polygon-one.com\/de\/eudr-europaisches-parlament-stimmt-fuer-verschiebung\/#primaryimage"},"image":{"@id":"https:\/\/polygon-one.com\/de\/eudr-europaisches-parlament-stimmt-fuer-verschiebung\/#primaryimage"},"thumbnailUrl":"https:\/\/polygon-one.com\/wp-content\/uploads\/2025\/11\/frederic-koberl-x_0hW-KaCgI-unsplash-scaled.jpg","datePublished":"2025-11-27T12:35:04+00:00","dateModified":"2026-01-31T17:50:10+00:00","breadcrumb":{"@id":"https:\/\/polygon-one.com\/de\/eudr-europaisches-parlament-stimmt-fuer-verschiebung\/#breadcrumb"},"inLanguage":"de","potentialAction":[{"@type":"ReadAction","target":["https:\/\/polygon-one.com\/de\/eudr-europaisches-parlament-stimmt-fuer-verschiebung\/"]}]},{"@type":"ImageObject","inLanguage":"de","@id":"https:\/\/polygon-one.com\/de\/eudr-europaisches-parlament-stimmt-fuer-verschiebung\/#primaryimage","url":"https:\/\/polygon-one.com\/wp-content\/uploads\/2025\/11\/frederic-koberl-x_0hW-KaCgI-unsplash-scaled.jpg","contentUrl":"https:\/\/polygon-one.com\/wp-content\/uploads\/2025\/11\/frederic-koberl-x_0hW-KaCgI-unsplash-scaled.jpg","width":2560,"height":1704},{"@type":"BreadcrumbList","@id":"https:\/\/polygon-one.com\/de\/eudr-europaisches-parlament-stimmt-fuer-verschiebung\/#breadcrumb","itemListElement":[{"@type":"ListItem","position":1,"name":"Home","item":"https:\/\/polygon-one.com\/de\/"},{"@type":"ListItem","position":2,"name":"EUDR: Europ\u00e4isches Parlament stimmt f\u00fcr Verschiebung und Vereinfachungen"}]},{"@type":"WebSite","@id":"https:\/\/polygon-one.com\/de\/#website","url":"https:\/\/polygon-one.com\/de\/","name":"POLYGON ONE","description":"EU DR Compliance","publisher":{"@id":"https:\/\/polygon-one.com\/de\/#organization"},"potentialAction":[{"@type":"SearchAction","target":{"@type":"EntryPoint","urlTemplate":"https:\/\/polygon-one.com\/de\/?s={search_term_string}"},"query-input":{"@type":"PropertyValueSpecification","valueRequired":true,"valueName":"search_term_string"}}],"inLanguage":"de"},{"@type":"Organization","@id":"https:\/\/polygon-one.com\/de\/#organization","name":"POLYGON ONE","url":"https:\/\/polygon-one.com\/de\/","logo":{"@type":"ImageObject","inLanguage":"de","@id":"https:\/\/polygon-one.com\/de\/#\/schema\/logo\/image\/","url":"https:\/\/polygon-one.com\/wp-content\/uploads\/2025\/04\/POLYGON-CI-2-1.png","contentUrl":"https:\/\/polygon-one.com\/wp-content\/uploads\/2025\/04\/POLYGON-CI-2-1.png","width":2160,"height":1215,"caption":"POLYGON ONE"},"image":{"@id":"https:\/\/polygon-one.com\/de\/#\/schema\/logo\/image\/"}},{"@type":"Person","@id":"https:\/\/polygon-one.com\/de\/#\/schema\/person\/5ca00c7576c294f5abeb5345d1dcfccf","name":"polygon_admin","image":{"@type":"ImageObject","inLanguage":"de","@id":"https:\/\/secure.gravatar.com\/avatar\/38271eef605b73f072846d95ebd5c1ba14ba8c02ae8ae0be62c5fd7b806fa67b?s=96&d=mm&r=g","url":"https:\/\/secure.gravatar.com\/avatar\/38271eef605b73f072846d95ebd5c1ba14ba8c02ae8ae0be62c5fd7b806fa67b?s=96&d=mm&r=g","contentUrl":"https:\/\/secure.gravatar.com\/avatar\/38271eef605b73f072846d95ebd5c1ba14ba8c02ae8ae0be62c5fd7b806fa67b?s=96&d=mm&r=g","caption":"polygon_admin"},"sameAs":["https:\/\/polygon-one.com"],"url":"https:\/\/polygon-one.com\/de\/author\/polygon_admin\/"}]}},"_links":{"self":[{"href":"https:\/\/polygon-one.com\/de\/wp-json\/wp\/v2\/posts\/2983","targetHints":{"allow":["GET"]}}],"collection":[{"href":"https:\/\/polygon-one.com\/de\/wp-json\/wp\/v2\/posts"}],"about":[{"href":"https:\/\/polygon-one.com\/de\/wp-json\/wp\/v2\/types\/post"}],"author":[{"embeddable":true,"href":"https:\/\/polygon-one.com\/de\/wp-json\/wp\/v2\/users\/1"}],"replies":[{"embeddable":true,"href":"https:\/\/polygon-one.com\/de\/wp-json\/wp\/v2\/comments?post=2983"}],"version-history":[{"count":4,"href":"https:\/\/polygon-one.com\/de\/wp-json\/wp\/v2\/posts\/2983\/revisions"}],"predecessor-version":[{"id":2992,"href":"https:\/\/polygon-one.com\/de\/wp-json\/wp\/v2\/posts\/2983\/revisions\/2992"}],"wp:featuredmedia":[{"embeddable":true,"href":"https:\/\/polygon-one.com\/de\/wp-json\/wp\/v2\/media\/2984"}],"wp:attachment":[{"href":"https:\/\/polygon-one.com\/de\/wp-json\/wp\/v2\/media?parent=2983"}],"wp:term":[{"taxonomy":"category","embeddable":true,"href":"https:\/\/polygon-one.com\/de\/wp-json\/wp\/v2\/categories?post=2983"},{"taxonomy":"post_tag","embeddable":true,"href":"https:\/\/polygon-one.com\/de\/wp-json\/wp\/v2\/tags?post=2983"}],"curies":[{"name":"wp","href":"https:\/\/api.w.org\/{rel}","templated":true}]}}